{"id":384,"date":"2016-02-09T17:38:34","date_gmt":"2016-02-09T15:38:34","guid":{"rendered":"http:\/\/blog-cavaliers-du-monde.com\/?p=384"},"modified":"2016-02-09T17:39:57","modified_gmt":"2016-02-09T15:39:57","slug":"tout-quitter-pour-quito","status":"publish","type":"post","link":"https:\/\/blog.cavaliers-du-monde.com\/?p=384","title":{"rendered":"Tout quitter pour Quito"},"content":{"rendered":"<div id=\"attachment_385\" style=\"width: 310px\" class=\"wp-caption alignleft\"><img aria-describedby=\"caption-attachment-385\" loading=\"lazy\" class=\"size-full wp-image-385\" title=\"Blog 1602 EQU01_01\" src=\"http:\/\/blog.cavaliers-du-monde.com\/wp-content\/uploads\/2016\/02\/Blog-1602-EQU01_01.jpg\" alt=\"Parmi les volcans\" width=\"300\" height=\"225\" \/><p id=\"caption-attachment-385\" class=\"wp-caption-text\">Parmi les volcans<\/p><\/div>\n<p>Nos partenaires d&rsquo;Equateur ont une cavali\u00e8re inscrite pour la randonn\u00e9e \u00e9questre de haute altitude de <a href=\"http:\/\/www.cavaliers-du-monde.com\/randonnee-equestre-equateur\/lavenue+des+volcans\/121\">l&rsquo;Avenue des Volcans<\/a> du 20 au 29 mai 2016. Cette balade \u00e0 cheval au milieu des volcans actifs d&rsquo;Equateur est garantie \u00e0 partir de 2 cavaliers. Pour susciter d&rsquo;autres vocations, nos partenaires Equatoriens proposent une tr\u00e8s belle promotion pour cette date. Le prix tout compris, dont bien entendu les billets d&rsquo;avion, est de 2790 \u20ac au lieu de 3440\u20ac. Ce prix prend naturellement en compte le tarif a\u00e9rien \u00e0 ce jour, s&rsquo;il augmente, dont devrons le r\u00e9percuter. Donc, pour les cavaliers tent\u00e9s, le plus t\u00f4t est le mieux! Un trek authentique dans un pays peu connu, o\u00f9 nous rencontrons fr\u00e9quemment les paysans indiens des vall\u00e9es isol\u00e9es. L&rsquo;Equateur, pays des orchid\u00e9es, des roses et des crevettes (un autre style de bouquets!)\u00a0 L&rsquo;Equateur est aussi le pays qui accorde refuge au lanceur d&rsquo;alerte Julian Assange dans son ambassade \u00e0 Londres (\u00e7a n&rsquo;a rien \u00e0 voir avec les randonn\u00e9es \u00e0 cheval mais Cavaliers du Monde aime bien ceux qui prot\u00e8gent les lanceurs d&rsquo;alerte). Et c&rsquo;est enfin le pays des \u00eeles Galapagos, o\u00f9 une extension est chaudement recommand\u00e9e, pour aller rendre visite \u00e0 des tortues n\u00e9es au XIXe si\u00e8cle!<\/p>\n","protected":false},"excerpt":{"rendered":"<p>Nos partenaires d&rsquo;Equateur ont une cavali\u00e8re inscrite pour la randonn\u00e9e \u00e9questre de haute altitude de l&rsquo;Avenue des Volcans du 20 au 29 mai 2016. Cette balade \u00e0 cheval au milieu des volcans actifs d&rsquo;Equateur est garantie \u00e0 partir de 2 cavaliers. Pour susciter d&rsquo;autres vocations, nos partenaires Equatoriens proposent une tr\u00e8s belle promotion pour cette [&hellip;]<\/p>\n","protected":false},"author":2,"featured_media":0,"comment_status":"open","ping_status":"open","sticky":false,"template":"","format":"standard","meta":[],"categories":[1],"tags":[],"_links":{"self":[{"href":"https:\/\/blog.cavaliers-du-monde.com\/index.php?rest_route=\/wp\/v2\/posts\/384"}],"collection":[{"href":"https:\/\/blog.cavaliers-du-monde.com\/index.php?rest_route=\/wp\/v2\/posts"}],"about":[{"href":"https:\/\/blog.cavaliers-du-monde.com\/index.php?rest_route=\/wp\/v2\/types\/post"}],"author":[{"embeddable":true,"href":"https:\/\/blog.cavaliers-du-monde.com\/index.php?rest_route=\/wp\/v2\/users\/2"}],"replies":[{"embeddable":true,"href":"https:\/\/blog.cavaliers-du-monde.com\/index.php?rest_route=%2Fwp%2Fv2%2Fcomments&post=384"}],"version-history":[{"count":3,"href":"https:\/\/blog.cavaliers-du-monde.com\/index.php?rest_route=\/wp\/v2\/posts\/384\/revisions"}],"predecessor-version":[{"id":387,"href":"https:\/\/blog.cavaliers-du-monde.com\/index.php?rest_route=\/wp\/v2\/posts\/384\/revisions\/387"}],"wp:attachment":[{"href":"https:\/\/blog.cavaliers-du-monde.com\/index.php?rest_route=%2Fwp%2Fv2%2Fmedia&parent=384"}],"wp:term":[{"taxonomy":"category","embeddable":true,"href":"https:\/\/blog.cavaliers-du-monde.com\/index.php?rest_route=%2Fwp%2Fv2%2Fcategories&post=384"},{"taxonomy":"post_tag","embeddable":true,"href":"https:\/\/blog.cavaliers-du-monde.com\/index.php?rest_route=%2Fwp%2Fv2%2Ftags&post=384"}],"curies":[{"name":"wp","href":"https:\/\/api.w.org\/{rel}","templated":true}]}}