{"id":321,"date":"2014-08-07T15:16:20","date_gmt":"2014-08-07T13:16:20","guid":{"rendered":"http:\/\/blog-cavaliers-du-monde.com\/?p=321"},"modified":"2014-08-07T16:42:11","modified_gmt":"2014-08-07T14:42:11","slug":"rubrique-cinema","status":"publish","type":"post","link":"https:\/\/blog.cavaliers-du-monde.com\/?p=321","title":{"rendered":"Rubrique cin\u00e9ma"},"content":{"rendered":"<div id=\"attachment_322\" style=\"width: 170px\" class=\"wp-caption alignleft\"><img aria-describedby=\"caption-attachment-322\" loading=\"lazy\" class=\"size-full wp-image-322\" title=\"Blog chevaux hommes film\" src=\"http:\/\/blog.cavaliers-du-monde.com\/wp-content\/uploads\/2014\/08\/Blog-chevaux-hommes-film.jpg\" alt=\"Blog chevaux hommes film\" width=\"160\" height=\"227\" \/><p id=\"caption-attachment-322\" class=\"wp-caption-text\">Notre conseil culturel<\/p><\/div>\n<p>Comme les bons films sur les chevaux ne sont pas l\u00e9gion (le dernier que nous avons aim\u00e9 \u00e9tait \u00ab\u00a0Danse avec Lui\u00a0\u00bb, de Val\u00e9rie Guignabodet, sorti en 2007), Cavaliers du Monde recommande chaleureusement \u00ab\u00a0Des Chevaux et des Hommes\u00a0\u00bb, de l&rsquo;Islandais Benedikt Erlingsson, sorti en juillet dernier. Chronique burlesque et teint\u00e9e d&rsquo;humour noir d&rsquo;une vall\u00e9e d&rsquo;Islande, o\u00f9 le fil rouge reste les petits chevaux Islandais et leur allure particuli\u00e8re, le t\u00f6lt. Cette allure qui leur est propre, entre le trot et le galop, permet de parcourir de longues distances tr\u00e8s rapidement dans un confort total, la selle ne bouge presque pas\u00a0!<\/p>\n<p>Les six histoires d\u00e9lirantes, cocasses et tragiques que raconte \u00ab\u00a0Des Chevaux et des Hommes\u00a0\u00bb, sont inspir\u00e9es des \u00ab\u00a0sagas\u00a0\u00bb Islandaises, ces romans du Moyen-Age qui forment un socle de la culture Islandaise. Outre les r\u00e9cits du film, les singuliers paysages d&rsquo;Islande parcourus sur les jolis petits chevaux Islandais, nous ont donn\u00e9 une forte envie d&rsquo;y retourner\u00a0! La bonne p\u00e9riode pour les randonn\u00e9es \u00e9questres en Islande \u00e9tant juillet-ao\u00fbt, il faut soit se d\u00e9p\u00eacher, soit attendre l&rsquo;\u00e9t\u00e9 prochain\u00a0!<\/p>\n","protected":false},"excerpt":{"rendered":"<p>Comme les bons films sur les chevaux ne sont pas l\u00e9gion (le dernier que nous avons aim\u00e9 \u00e9tait \u00ab\u00a0Danse avec Lui\u00a0\u00bb, de Val\u00e9rie Guignabodet, sorti en 2007), Cavaliers du Monde recommande chaleureusement \u00ab\u00a0Des Chevaux et des Hommes\u00a0\u00bb, de l&rsquo;Islandais Benedikt Erlingsson, sorti en juillet dernier. Chronique burlesque et teint\u00e9e d&rsquo;humour noir d&rsquo;une vall\u00e9e d&rsquo;Islande, o\u00f9 [&hellip;]<\/p>\n","protected":false},"author":2,"featured_media":0,"comment_status":"open","ping_status":"open","sticky":false,"template":"","format":"standard","meta":[],"categories":[1],"tags":[],"_links":{"self":[{"href":"https:\/\/blog.cavaliers-du-monde.com\/index.php?rest_route=\/wp\/v2\/posts\/321"}],"collection":[{"href":"https:\/\/blog.cavaliers-du-monde.com\/index.php?rest_route=\/wp\/v2\/posts"}],"about":[{"href":"https:\/\/blog.cavaliers-du-monde.com\/index.php?rest_route=\/wp\/v2\/types\/post"}],"author":[{"embeddable":true,"href":"https:\/\/blog.cavaliers-du-monde.com\/index.php?rest_route=\/wp\/v2\/users\/2"}],"replies":[{"embeddable":true,"href":"https:\/\/blog.cavaliers-du-monde.com\/index.php?rest_route=%2Fwp%2Fv2%2Fcomments&post=321"}],"version-history":[{"count":7,"href":"https:\/\/blog.cavaliers-du-monde.com\/index.php?rest_route=\/wp\/v2\/posts\/321\/revisions"}],"predecessor-version":[{"id":324,"href":"https:\/\/blog.cavaliers-du-monde.com\/index.php?rest_route=\/wp\/v2\/posts\/321\/revisions\/324"}],"wp:attachment":[{"href":"https:\/\/blog.cavaliers-du-monde.com\/index.php?rest_route=%2Fwp%2Fv2%2Fmedia&parent=321"}],"wp:term":[{"taxonomy":"category","embeddable":true,"href":"https:\/\/blog.cavaliers-du-monde.com\/index.php?rest_route=%2Fwp%2Fv2%2Fcategories&post=321"},{"taxonomy":"post_tag","embeddable":true,"href":"https:\/\/blog.cavaliers-du-monde.com\/index.php?rest_route=%2Fwp%2Fv2%2Ftags&post=321"}],"curies":[{"name":"wp","href":"https:\/\/api.w.org\/{rel}","templated":true}]}}